{"id":14847,"date":"2026-09-02T12:01:08","date_gmt":"2026-09-02T11:01:08","guid":{"rendered":"https:\/\/moroccopreneur.com\/iqlaa-2026-2\/"},"modified":"2026-09-02T12:02:41","modified_gmt":"2026-09-02T11:02:41","slug":"iqlaa-2026","status":"publish","type":"post","link":"https:\/\/moroccopreneur.com\/fr\/iqlaa-2026\/","title":{"rendered":"Iqlaa 2026 : le nouvel acc\u00e9l\u00e9rateur des entreprises culturelles marocaines"},"content":{"rendered":"\n<p class=\"wp-block-paragraph\"><strong>Iqlaa est un nouvel acc\u00e9l\u00e9rateur d\u00e9di\u00e9 aux entreprises culturelles et cr\u00e9atives marocaines, lanc\u00e9 le 27 ao\u00fbt 2026 par Africalia, la Fondation Hiba et l&rsquo;Institut fran\u00e7ais, avec le soutien financier de l&rsquo;Union europ\u00e9enne \u2014 coaching, subventions d&rsquo;amor\u00e7age de 30 000 \u00e0 50 000 DH et subventions de croissance pouvant atteindre 450 000 DH, pour une vingtaine d&rsquo;entreprises port\u00e9es par de jeunes entrepreneurs dans sa premi\u00e8re cohorte.<\/strong><\/p>\n\n\n\n<p class=\"wp-block-paragraph\">Les candidatures sont ouvertes jusqu&rsquo;au <strong>27 septembre 2026<\/strong>. Voici ce qui est confirm\u00e9 sur l&rsquo;\u00e9ligibilit\u00e9, le financement, les trois phases du programme et la marche \u00e0 suivre pour candidater.<\/p>\n\n\n\n<h3 class=\"wp-block-heading\" id=\"h-points-cles\">Points cl\u00e9s<\/h3>\n\n\n\n<ul class=\"wp-block-list\">\n<li>Iqlaa se pr\u00e9sente comme le premier acc\u00e9l\u00e9rateur marocain d\u00e9di\u00e9 aux entreprises des industries culturelles et cr\u00e9atives (ICC), lanc\u00e9 le 27 ao\u00fbt 2026.<\/li>\n\n\n\n<li>Il est port\u00e9 par un consortium r\u00e9unissant Africalia, la Fondation Hiba et l&rsquo;Institut fran\u00e7ais, avec le financement de l&rsquo;Union europ\u00e9enne, sur trois \u00e9ditions jusqu&rsquo;\u00e0 fin 2029.<\/li>\n\n\n\n<li>Le programme fait passer les entrepreneurs par trois phases : Int\u00e9gration, Renforcement et Impulsion.<\/li>\n\n\n\n<li>Le soutien financier comprend des subventions d&rsquo;amor\u00e7age de 30 000 \u00e0 50 000 DH et des subventions de croissance de 300 000 \u00e0 450 000 DH.<\/li>\n\n\n\n<li>Sont \u00e9ligibles les entreprises ICC bas\u00e9es au Maroc (SARL, SA ou auto-entreprise), port\u00e9es par une personne de r\u00e9f\u00e9rence \u00e2g\u00e9e de 18 \u00e0 35 ans.<\/li>\n\n\n\n<li>Les candidatures se cl\u00f4turent le 27 septembre 2026 \u00e0 23h59 ; une s\u00e9ance d&rsquo;information en ligne est pr\u00e9vue le 9 septembre 2026.<\/li>\n<\/ul>\n\n\n\n<h2 class=\"wp-block-heading\" id=\"h-quest-ce-quiqlaa-2026\">Qu&rsquo;est-ce qu&rsquo;Iqlaa 2026 ?<\/h2>\n\n\n\n<p class=\"wp-block-paragraph\">Iqlaa \u2014 mot arabe signifiant \u00ab d\u00e9collage \u00bb \u2014 est un acc\u00e9l\u00e9rateur pens\u00e9 sp\u00e9cifiquement pour les <strong>Industries Culturelles et Cr\u00e9atives (ICC)<\/strong> marocaines : design, musique, cin\u00e9ma, \u00e9dition, artisanat d&rsquo;art, tourisme culturel, entre autres. Le programme se d\u00e9ploie sur trois \u00e9ditions successives jusqu&rsquo;\u00e0 fin 2029, chacune faisant passer une nouvelle cohorte d&rsquo;entrepreneurs par trois phases : Int\u00e9gration, Renforcement et Impulsion. La premi\u00e8re \u00e9dition vise une vingtaine d&rsquo;entreprises.<\/p>\n\n\n\n<h2 class=\"wp-block-heading\" id=\"h-qui-porte-iqlaa\">Qui Porte Iqlaa ?<\/h2>\n\n\n\n<p class=\"wp-block-paragraph\">Iqlaa est mis en \u0153uvre par un consortium de trois structures : <strong>Africalia<\/strong> (organisation belge de soutien \u00e0 la culture et \u00e0 l&rsquo;entrepreneuriat cr\u00e9atif en Afrique), la <strong>Fondation Hiba<\/strong> et l&rsquo;<strong>Institut fran\u00e7ais<\/strong>, avec le financement de l&rsquo;<strong>Union europ\u00e9enne<\/strong>. Le programme a \u00e9t\u00e9 officiellement lanc\u00e9 le 27 ao\u00fbt 2026, dans le cadre d&rsquo;un ensemble plus large de projets soutenus par l&rsquo;UE en faveur des industries culturelles et cr\u00e9atives marocaines, aux c\u00f4t\u00e9s de deux autres initiatives sign\u00e9es la m\u00eame saison.<\/p>\n\n\n\n<h2 class=\"wp-block-heading\" id=\"h-infos-cles\">Infos Cl\u00e9s<\/h2>\n\n\n\n<figure class=\"wp-block-table\"><table class=\"wp-block-table\"><thead><tr><th>D\u00e9tail<\/th><th>Iqlaa 2026<\/th><\/tr><\/thead><tbody>\n<tr><td>Programme<\/td><td>Iqlaa \u2014 acc\u00e9l\u00e9rateur pour les entreprises culturelles et cr\u00e9atives marocaines<\/td><\/tr>\n<tr><td>Porteurs<\/td><td>Africalia, Fondation Hiba, Institut fran\u00e7ais<\/td><\/tr>\n<tr><td>Financeur<\/td><td>Union europ\u00e9enne<\/td><\/tr>\n<tr><td>\u00c9ditions<\/td><td>3, jusqu&rsquo;\u00e0 fin 2029<\/td><\/tr>\n<tr><td>Premi\u00e8re cohorte<\/td><td>~20 entreprises<\/td><\/tr>\n<tr><td>Candidats \u00e9ligibles<\/td><td>Entreprises ICC bas\u00e9es au Maroc ; personne de r\u00e9f\u00e9rence \u00e2g\u00e9e de 18 \u00e0 35 ans<\/td><\/tr>\n<tr><td>Subvention d&rsquo;amor\u00e7age<\/td><td>30 000 \u00e0 50 000 DH<\/td><\/tr>\n<tr><td>Subvention de croissance<\/td><td>300 000 \u00e0 450 000 DH<\/td><\/tr>\n<tr><td>P\u00e9riode de candidature<\/td><td>27 ao\u00fbt &#8211; 27 septembre 2026 (23h59, heure locale)<\/td><\/tr>\n<tr><td>S\u00e9ance d&rsquo;information<\/td><td>9 septembre 2026, 12h00 (en ligne), et s\u00e9ances en pr\u00e9sentiel du 9 au 22 septembre<\/td><\/tr>\n<tr><td>Candidature<\/td><td>Formulaire en ligne ou email \u00e0 iqlaa@fondationhiba.ma<\/td><\/tr>\n<\/tbody><\/table><\/figure>\n\n\n\n<h2 class=\"wp-block-heading\" id=\"h-trois-phases\">Les Trois Phases d&rsquo;Iqlaa<\/h2>\n\n\n\n<h3 class=\"wp-block-heading\" id=\"h-phase-integration\">Int\u00e9gration (2 mois)<\/h3>\n\n\n\n<p class=\"wp-block-paragraph\">Chaque entreprise s\u00e9lectionn\u00e9e d\u00e9marre par un diagnostic individuel et un plan d&rsquo;action, suivis d&rsquo;un bootcamp de cinq jours consacr\u00e9 \u00e0 l&rsquo;affinement de la strat\u00e9gie et au r\u00e9seautage entre pairs. La phase se termine par le d\u00e9p\u00f4t de la candidature \u00e0 la subvention d&rsquo;amor\u00e7age ; les entreprises ayant assist\u00e9 r\u00e9guli\u00e8rement re\u00e7oivent la subvention de 30 000 \u00e0 50 000 DH lors d&rsquo;une c\u00e9r\u00e9monie de cl\u00f4ture du bootcamp, mi-d\u00e9cembre 2026.<\/p>\n\n\n\n<h3 class=\"wp-block-heading\" id=\"h-phase-renforcement\">Renforcement (3 mois)<\/h3>\n\n\n\n<p class=\"wp-block-paragraph\">Coaching individuel et sessions de formation collective sur la propri\u00e9t\u00e9 intellectuelle, le marketing digital et la comptabilit\u00e9, pour pr\u00e9parer chaque entrepreneur \u00e0 pitcher son acc\u00e8s \u00e0 la phase de croissance.<\/p>\n\n\n\n<h3 class=\"wp-block-heading\" id=\"h-phase-impulsion\">Impulsion (5 mois)<\/h3>\n\n\n\n<p class=\"wp-block-paragraph\">La derni\u00e8re phase se concentre sur la pr\u00e9paration \u00e0 l&rsquo;investissement et \u00e0 la lev\u00e9e de fonds, la pr\u00e9paration \u00e0 l&rsquo;export, et un mentorat financier et cr\u00e9atif, avec un voyage immersif de six jours dans un \u00e9cosyst\u00e8me culturel europ\u00e9en, pr\u00e9vu \u00e0 l&rsquo;automne-hiver 2027-2028.<\/p>\n\n\n\n<h2 class=\"wp-block-heading\" id=\"h-eligibilite\">Qui Peut Candidater ? Crit\u00e8res d&rsquo;\u00c9ligibilit\u00e9<\/h2>\n\n\n\n<p class=\"wp-block-paragraph\"><strong>L&rsquo;entreprise<\/strong> doit \u00eatre une SARL, une SA ou une auto-entreprise immatricul\u00e9e aupr\u00e8s des autorit\u00e9s marocaines depuis au moins un an \u00e0 la date du 27 septembre 2026, active dans un secteur ICC \u00e9ligible, et bas\u00e9e au Maroc. Les associations \u00e0 but non lucratif et les organismes publics ou \u00e9tatiques ne sont pas \u00e9ligibles.<\/p>\n\n\n\n<p class=\"wp-block-paragraph\"><strong>La personne de r\u00e9f\u00e9rence<\/strong> \u2014 dirigeant ou associ\u00e9 disposant d&rsquo;un pouvoir de d\u00e9cision \u2014 doit \u00eatre \u00e2g\u00e9e de 18 \u00e0 35 ans, s&rsquo;exprimer couramment en fran\u00e7ais ou en darija, \u00eatre bas\u00e9e au Maroc, et pouvoir s&rsquo;engager sur l&rsquo;ensemble du programme.<\/p>\n\n\n\n<h2 class=\"wp-block-heading\" id=\"h-secteurs-eligibles\">Secteurs \u00c9ligibles<\/h2>\n\n\n\n<p class=\"wp-block-paragraph\">Iqlaa couvre douze fili\u00e8res culturelles et cr\u00e9atives :<\/p>\n\n\n\n<ul class=\"wp-block-list\">\n<li>Animation, jeu vid\u00e9o &amp; multim\u00e9dia<\/li>\n\n\n<li>Artisanat d&rsquo;art &amp; arts cr\u00e9atifs<\/li>\n\n\n<li>Arts vivants<\/li>\n\n\n<li>Arts visuels<\/li>\n\n\n<li>Diffusion &amp; distribution<\/li>\n\n\n<li>Cin\u00e9ma &amp; audiovisuel<\/li>\n\n\n<li>\u00c9v\u00e9nementiel &amp; festivals<\/li>\n\n\n<li>\u00c9dition<\/li>\n\n\n<li>Mode &amp; design<\/li>\n\n\n<li>Musique<\/li>\n\n\n<li>Patrimoine culturel, tourisme, architecture &amp; gastronomie<\/li>\n\n\n<li>Presse, m\u00e9dias &amp; publicit\u00e9\/marketing<\/li>\n<\/ul>\n\n\n\n<h2 class=\"wp-block-heading\" id=\"h-selection\">Crit\u00e8res et Processus de S\u00e9lection<\/h2>\n\n\n\n<p class=\"wp-block-paragraph\">Les candidatures sont not\u00e9es sur huit crit\u00e8res \u2014 pertinence de l&rsquo;entreprise et clart\u00e9 de l&rsquo;offre, maturit\u00e9 et capacit\u00e9 de gestion, exp\u00e9rience de la personne de r\u00e9f\u00e9rence et de l&rsquo;\u00e9quipe, compr\u00e9hension du march\u00e9 et strat\u00e9gie, viabilit\u00e9 du mod\u00e8le \u00e9conomique, coh\u00e9rence et potentiel de croissance du projet, efficience budg\u00e9taire, et motivation \u2014 chacun not\u00e9 sur cinq points, avec jusqu&rsquo;\u00e0 deux points bonus pour la contribution sociale, territoriale ou responsable.<\/p>\n\n\n\n<p class=\"wp-block-paragraph\">La s\u00e9lection se d\u00e9roule en quatre \u00e9tapes : v\u00e9rification de l&rsquo;\u00e9ligibilit\u00e9, \u00e9valuation par un jury selon les crit\u00e8res de notation, un comit\u00e9 central qui agr\u00e8ge les r\u00e9sultats et arr\u00eate la d\u00e9cision finale, puis l&rsquo;annonce des candidats retenus. Le jury r\u00e9unit les membres du consortium et des repr\u00e9sentants du secteur culturel marocain.<\/p>\n\n\n\n<h2 class=\"wp-block-heading\" id=\"h-comment-candidater\">Comment Candidater<\/h2>\n\n\n\n<p class=\"wp-block-paragraph\">Un dossier complet comprend sept pi\u00e8ces : une pr\u00e9sentation de l&rsquo;entreprise (deux pages maximum), un budget du projet de croissance (mod\u00e8le Excel impos\u00e9, dans la fourchette de 300 000 \u00e0 450 000 DH), les documents d&rsquo;immatriculation et les statuts, une lettre d&rsquo;engagement sign\u00e9e, le CV de la personne de r\u00e9f\u00e9rence (deux pages maximum), une copie de pi\u00e8ce d&rsquo;identit\u00e9 valide, et un relev\u00e9 d&rsquo;identit\u00e9 bancaire (RIB).<\/p>\n\n\n\n<p class=\"wp-block-paragraph\">Les candidatures se d\u00e9posent via le <a href=\"https:\/\/cutt.ly\/aygICpT5\" target=\"_blank\" rel=\"noreferrer noopener\">formulaire en ligne officiel<\/a> ou par email \u00e0 <a href=\"mailto:iqlaa@fondationhiba.ma\">iqlaa@fondationhiba.ma<\/a>, avant le <strong>27 septembre 2026 \u00e0 23h59<\/strong>. Les candidats peuvent aussi s&rsquo;inscrire \u00e0 la <a href=\"https:\/\/cutt.ly\/QygIBjk7\" target=\"_blank\" rel=\"noreferrer noopener\">s\u00e9ance d&rsquo;information en ligne du 9 septembre<\/a> ou assister \u00e0 l&rsquo;une des s\u00e9ances en pr\u00e9sentiel organis\u00e9es dans plusieurs villes marocaines entre le 9 et le 22 septembre.<\/p>\n\n\n\n<h2 class=\"wp-block-heading\" id=\"h-calendrier\">Calendrier<\/h2>\n\n\n\n<ol class=\"wp-block-list\">\n<li>27 ao\u00fbt &#8211; 27 septembre 2026 : ouverture des candidatures<\/li>\n\n\n<li>9 septembre 2026 : s\u00e9ance d&rsquo;information en ligne ; s\u00e9ances en pr\u00e9sentiel jusqu&rsquo;au 22 septembre<\/li>\n\n\n<li>Octobre 2026 : \u00e9tude des dossiers et s\u00e9lection<\/li>\n\n\n<li>Novembre-d\u00e9cembre 2026 : phase Int\u00e9gration<\/li>\n\n\n<li>Mi-d\u00e9cembre 2026 : bootcamp et remise des subventions d&rsquo;amor\u00e7age<\/li>\n\n\n<li>Janvier-mars 2027 : phase Renforcement<\/li>\n\n\n<li>Mars 2027 : pitchs et s\u00e9lection pour la subvention de croissance<\/li>\n\n\n<li>Avril-ao\u00fbt 2027 : phase Impulsion<\/li>\n\n\n<li>Automne-hiver 2027-2028 : voyage d&rsquo;immersion dans un \u00e9cosyst\u00e8me europ\u00e9en (dates \u00e0 confirmer)<\/li>\n<\/ol>\n\n\n\n<h2 class=\"wp-block-heading\" id=\"h-pourquoi-important\">Pourquoi Iqlaa Compte pour l&rsquo;\u00c9conomie Cr\u00e9ative Marocaine<\/h2>\n\n\n\n<p class=\"wp-block-paragraph\">Iqlaa s&rsquo;inscrit dans une dynamique plus large de structuration du financement et de l&rsquo;accompagnement des industries culturelles et cr\u00e9atives marocaines, aux c\u00f4t\u00e9s d&rsquo;autres initiatives soutenues par l&rsquo;UE lanc\u00e9es la m\u00eame ann\u00e9e. Pour les entrepreneurs du cin\u00e9ma, du design, de la musique, de l&rsquo;\u00e9dition ou de l&rsquo;artisanat, c&rsquo;est un programme rare qui combine capital non dilutif et parcours de coaching structur\u00e9 sur plusieurs mois, plut\u00f4t qu&rsquo;une simple subvention ponctuelle. Si l&rsquo;entrepreneuriat culturel et cr\u00e9atif n&rsquo;est pas votre domaine, Moroccopreneur suit aussi d&rsquo;autres appels en cours, dont le <a href=\"https:\/\/moroccopreneur.com\/fr\/mastercard-edtech-fellowship-cohort-4-2026\/\">Mastercard EdTech Fellowship Cohort 4 2026<\/a>, <a href=\"https:\/\/moroccopreneur.com\/fr\/my-mvp-2026\/\">MY MVP 2026<\/a>, et le <a href=\"https:\/\/moroccopreneur.com\/fr\/capai-reverse-by-bk\/\">Cap&rsquo;AI Reverse by BK<\/a> \u2014 retrouvez l&rsquo;ensemble de notre couverture dans <a href=\"https:\/\/moroccopreneur.com\/fr\/opportunities\/\">Opportunit\u00e9s<\/a>.<\/p>\n\n\n\n<h2 class=\"wp-block-heading\" id=\"h-faq\">FAQ : Iqlaa 2026<\/h2>\n\n\n\n<h3 class=\"wp-block-heading\" id=\"h-faq-quest-ce-que\">Qu&rsquo;est-ce qu&rsquo;Iqlaa 2026 ?<\/h3>\n\n\n\n<p class=\"wp-block-paragraph\">Iqlaa est un acc\u00e9l\u00e9rateur pour les entreprises culturelles et cr\u00e9atives marocaines, lanc\u00e9 le 27 ao\u00fbt 2026 par Africalia, la Fondation Hiba et l&rsquo;Institut fran\u00e7ais, avec le financement de l&rsquo;UE. Il se d\u00e9ploie sur trois \u00e9ditions jusqu&rsquo;\u00e0 2029, chaque cohorte passant par trois phases : Int\u00e9gration, Renforcement et Impulsion.<\/p>\n\n\n\n<h3 class=\"wp-block-heading\" id=\"h-faq-qui-peut-candidater\">Qui peut candidater ?<\/h3>\n\n\n\n<p class=\"wp-block-paragraph\">Les entreprises culturelles et cr\u00e9atives bas\u00e9es au Maroc (SARL, SA ou auto-entreprise, immatricul\u00e9es depuis au moins un an), port\u00e9es par une personne de r\u00e9f\u00e9rence \u00e2g\u00e9e de 18 \u00e0 35 ans disposant d&rsquo;un pouvoir de d\u00e9cision. Les associations et organismes publics ne sont pas \u00e9ligibles.<\/p>\n\n\n\n<h3 class=\"wp-block-heading\" id=\"h-faq-financement\">Quel financement est propos\u00e9 ?<\/h3>\n\n\n\n<p class=\"wp-block-paragraph\">Les entreprises s\u00e9lectionn\u00e9es peuvent recevoir une subvention d&rsquo;amor\u00e7age de 30 000 \u00e0 50 000 DH \u00e0 l&rsquo;issue de la phase Int\u00e9gration, puis une subvention de croissance de 300 000 \u00e0 450 000 DH apr\u00e8s avoir pitch\u00e9 en phase Renforcement.<\/p>\n\n\n\n<h3 class=\"wp-block-heading\" id=\"h-faq-date-limite\">Quelle est la date limite de candidature ?<\/h3>\n\n\n\n<p class=\"wp-block-paragraph\">Le 27 septembre 2026 \u00e0 23h59, heure locale. Une s\u00e9ance d&rsquo;information en ligne est organis\u00e9e le 9 septembre 2026 \u00e0 midi, avec des s\u00e9ances compl\u00e9mentaires en pr\u00e9sentiel dans plusieurs villes marocaines jusqu&rsquo;au 22 septembre.<\/p>\n\n\n\n<h3 class=\"wp-block-heading\" id=\"h-faq-comment-candidater\">Comment candidater ?<\/h3>\n\n\n\n<p class=\"wp-block-paragraph\">D\u00e9posez les documents requis via le <a href=\"https:\/\/cutt.ly\/aygICpT5\" target=\"_blank\" rel=\"noreferrer noopener\">formulaire en ligne officiel<\/a> ou par email \u00e0 <a href=\"mailto:iqlaa@fondationhiba.ma\">iqlaa@fondationhiba.ma<\/a> avant la date limite.<\/p>\n\n\n\n<p class=\"wp-block-paragraph\">Une opportunit\u00e9 \u00e0 faire conna\u00eetre aux entrepreneurs marocains ? <a href=\"https:\/\/moroccopreneur.com\/fr\/contact\/\">Contactez l&rsquo;\u00e9quipe Moroccopreneur<\/a> \u2014 la qualit\u00e9 avant le volume, \u00e7a commence par ce que vous partagez.<\/p>\n","protected":false},"excerpt":{"rendered":"<p>Iqlaa est un nouvel acc\u00e9l\u00e9rateur d\u00e9di\u00e9 aux entreprises culturelles et cr\u00e9atives marocaines, lanc\u00e9 le 27 ao\u00fbt 2026 par Africalia, la Fondation Hiba et l&rsquo;Institut fran\u00e7ais, avec le soutien financier de l&rsquo;Union europ\u00e9enne \u2014 coaching, subventions d&rsquo;amor\u00e7age de 30 000 \u00e0 50 000 DH et subventions de croissance pouvant atteindre 450 000 DH, pour une vingtaine [&hellip;]<\/p>\n","protected":false},"author":4,"featured_media":14851,"comment_status":"closed","ping_status":"closed","sticky":false,"template":"","format":"standard","meta":{"jnews-multi-image_gallery":[],"jnews_single_post":[],"jnews_primary_category":[],"footnotes":""},"categories":[3320],"tags":[],"region":[],"class_list":["post-14847","post","type-post","status-publish","format-standard","has-post-thumbnail","hentry","category-opportunites"],"yoast_head":"<!-- This site is optimized with the Yoast SEO Premium plugin v28.3 (Yoast SEO v28.3) - https:\/\/yoast.com\/product\/yoast-seo-premium-wordpress\/ -->\n<title>Iqlaa 2026 : le nouvel acc\u00e9l\u00e9rateur des entreprises culturelles marocaines<\/title>\n<meta name=\"description\" content=\"Iqlaa 2026 : nouvel acc\u00e9l\u00e9rateur soutenu par l&#039;UE pour les entreprises culturelles et cr\u00e9atives marocaines \u2014 jusqu&#039;\u00e0 450 000 DH. \u00c9ligibilit\u00e9, phases, date limite (27 sept.).\" \/>\n<meta name=\"robots\" content=\"index, follow, max-snippet:-1, max-image-preview:large, max-video-preview:-1\" \/>\n<link rel=\"canonical\" href=\"https:\/\/moroccopreneur.com\/fr\/iqlaa-2026\/\" \/>\n<meta property=\"og:locale\" content=\"fr_FR\" \/>\n<meta property=\"og:type\" content=\"article\" \/>\n<meta property=\"og:title\" content=\"Iqlaa 2026 : le nouvel acc\u00e9l\u00e9rateur des entreprises culturelles marocaines\" \/>\n<meta property=\"og:description\" content=\"Iqlaa 2026 : nouvel acc\u00e9l\u00e9rateur soutenu par l&#039;UE pour les entreprises culturelles et cr\u00e9atives marocaines \u2014 jusqu&#039;\u00e0 450 000 DH. \u00c9ligibilit\u00e9, phases, date limite (27 sept.).\" \/>\n<meta property=\"og:url\" content=\"https:\/\/moroccopreneur.com\/fr\/iqlaa-2026\/\" \/>\n<meta property=\"og:site_name\" content=\"Moroccopreneur\" \/>\n<meta property=\"article:publisher\" content=\"https:\/\/www.facebook.com\/Moroccopreneur\/\" \/>\n<meta property=\"article:author\" content=\"https:\/\/www.facebook.com\/moroccopreneur\" \/>\n<meta property=\"article:published_time\" content=\"2026-09-02T11:01:08+00:00\" \/>\n<meta property=\"article:modified_time\" content=\"2026-09-02T11:02:41+00:00\" \/>\n<meta property=\"og:image\" content=\"https:\/\/moroccopreneur.com\/wp-content\/uploads\/2026\/09\/iqlaa-2026-scaled.png\" \/>\n\t<meta property=\"og:image:width\" content=\"2560\" \/>\n\t<meta property=\"og:image:height\" content=\"1440\" \/>\n\t<meta property=\"og:image:type\" content=\"image\/png\" \/>\n<meta name=\"author\" content=\"Moroccopreneur\" \/>\n<meta name=\"twitter:card\" content=\"summary_large_image\" \/>\n<meta name=\"twitter:creator\" content=\"@https:\/\/twitter.com\/Moroccopreneur\" \/>\n<meta name=\"twitter:site\" content=\"@Moroccopreneur\" \/>\n<meta name=\"twitter:label1\" content=\"\u00c9crit par\" \/>\n\t<meta name=\"twitter:data1\" content=\"Moroccopreneur\" \/>\n\t<meta name=\"twitter:label2\" content=\"Dur\u00e9e de lecture estim\u00e9e\" \/>\n\t<meta name=\"twitter:data2\" content=\"7 minutes\" \/>\n<script type=\"application\/ld+json\" class=\"yoast-schema-graph\">{\"@context\":\"https:\\\/\\\/schema.org\",\"@graph\":[{\"@type\":\"Article\",\"@id\":\"https:\\\/\\\/moroccopreneur.com\\\/fr\\\/iqlaa-2026\\\/#article\",\"isPartOf\":{\"@id\":\"https:\\\/\\\/moroccopreneur.com\\\/fr\\\/iqlaa-2026\\\/\"},\"author\":{\"name\":\"Moroccopreneur\",\"@id\":\"https:\\\/\\\/moroccopreneur.com\\\/fr\\\/#\\\/schema\\\/person\\\/da6e54c27fb2eba40f0638f2170acad6\"},\"headline\":\"Iqlaa 2026 : le nouvel acc\u00e9l\u00e9rateur des entreprises culturelles marocaines\",\"datePublished\":\"2026-09-02T11:01:08+00:00\",\"dateModified\":\"2026-09-02T11:02:41+00:00\",\"mainEntityOfPage\":{\"@id\":\"https:\\\/\\\/moroccopreneur.com\\\/fr\\\/iqlaa-2026\\\/\"},\"wordCount\":1571,\"publisher\":{\"@id\":\"https:\\\/\\\/moroccopreneur.com\\\/fr\\\/#organization\"},\"image\":{\"@id\":\"https:\\\/\\\/moroccopreneur.com\\\/fr\\\/iqlaa-2026\\\/#primaryimage\"},\"thumbnailUrl\":\"https:\\\/\\\/moroccopreneur.com\\\/wp-content\\\/uploads\\\/2026\\\/09\\\/iqlaa-2026-scaled.png\",\"articleSection\":[\"Opportunit\u00e9s\"],\"inLanguage\":\"fr-FR\",\"copyrightYear\":\"2026\",\"copyrightHolder\":{\"@id\":\"https:\\\/\\\/moroccopreneur.com\\\/#organization\"}},{\"@type\":\"WebPage\",\"@id\":\"https:\\\/\\\/moroccopreneur.com\\\/fr\\\/iqlaa-2026\\\/\",\"url\":\"https:\\\/\\\/moroccopreneur.com\\\/fr\\\/iqlaa-2026\\\/\",\"name\":\"Iqlaa 2026 : le nouvel acc\u00e9l\u00e9rateur des entreprises culturelles marocaines\",\"isPartOf\":{\"@id\":\"https:\\\/\\\/moroccopreneur.com\\\/fr\\\/#website\"},\"primaryImageOfPage\":{\"@id\":\"https:\\\/\\\/moroccopreneur.com\\\/fr\\\/iqlaa-2026\\\/#primaryimage\"},\"image\":{\"@id\":\"https:\\\/\\\/moroccopreneur.com\\\/fr\\\/iqlaa-2026\\\/#primaryimage\"},\"thumbnailUrl\":\"https:\\\/\\\/moroccopreneur.com\\\/wp-content\\\/uploads\\\/2026\\\/09\\\/iqlaa-2026-scaled.png\",\"datePublished\":\"2026-09-02T11:01:08+00:00\",\"dateModified\":\"2026-09-02T11:02:41+00:00\",\"description\":\"Iqlaa 2026 : nouvel acc\u00e9l\u00e9rateur soutenu par l'UE pour les entreprises culturelles et cr\u00e9atives marocaines \u2014 jusqu'\u00e0 450 000 DH. \u00c9ligibilit\u00e9, phases, date limite (27 sept.).\",\"breadcrumb\":{\"@id\":\"https:\\\/\\\/moroccopreneur.com\\\/fr\\\/iqlaa-2026\\\/#breadcrumb\"},\"inLanguage\":\"fr-FR\",\"potentialAction\":[{\"@type\":\"ReadAction\",\"target\":[\"https:\\\/\\\/moroccopreneur.com\\\/fr\\\/iqlaa-2026\\\/\"]}]},{\"@type\":\"ImageObject\",\"inLanguage\":\"fr-FR\",\"@id\":\"https:\\\/\\\/moroccopreneur.com\\\/fr\\\/iqlaa-2026\\\/#primaryimage\",\"url\":\"https:\\\/\\\/moroccopreneur.com\\\/wp-content\\\/uploads\\\/2026\\\/09\\\/iqlaa-2026-scaled.png\",\"contentUrl\":\"https:\\\/\\\/moroccopreneur.com\\\/wp-content\\\/uploads\\\/2026\\\/09\\\/iqlaa-2026-scaled.png\",\"width\":2560,\"height\":1440,\"caption\":\"iqlaa 2026\"},{\"@type\":\"BreadcrumbList\",\"@id\":\"https:\\\/\\\/moroccopreneur.com\\\/fr\\\/iqlaa-2026\\\/#breadcrumb\",\"itemListElement\":[{\"@type\":\"ListItem\",\"position\":1,\"name\":\"Moroccopreneur\",\"item\":\"https:\\\/\\\/moroccopreneur.com\\\/fr\\\/\"},{\"@type\":\"ListItem\",\"position\":2,\"name\":\"Opportunit\u00e9s\",\"item\":\"https:\\\/\\\/moroccopreneur.com\\\/fr\\\/opportunites\\\/\"},{\"@type\":\"ListItem\",\"position\":3,\"name\":\"Iqlaa 2026 : le nouvel acc\u00e9l\u00e9rateur des entreprises culturelles marocaines\"}]},{\"@type\":\"WebSite\",\"@id\":\"https:\\\/\\\/moroccopreneur.com\\\/fr\\\/#website\",\"url\":\"https:\\\/\\\/moroccopreneur.com\\\/fr\\\/\",\"name\":\"Moroccopreneur\",\"description\":\"Un Maroc qui inspire, des Marocains qui aspirent\",\"publisher\":{\"@id\":\"https:\\\/\\\/moroccopreneur.com\\\/fr\\\/#organization\"},\"potentialAction\":[{\"@type\":\"SearchAction\",\"target\":{\"@type\":\"EntryPoint\",\"urlTemplate\":\"https:\\\/\\\/moroccopreneur.com\\\/fr\\\/?s={search_term_string}\"},\"query-input\":{\"@type\":\"PropertyValueSpecification\",\"valueRequired\":true,\"valueName\":\"search_term_string\"}}],\"inLanguage\":\"fr-FR\"},{\"@type\":\"Organization\",\"@id\":\"https:\\\/\\\/moroccopreneur.com\\\/fr\\\/#organization\",\"name\":\"Moroccopreneur\",\"url\":\"https:\\\/\\\/moroccopreneur.com\\\/fr\\\/\",\"logo\":{\"@type\":\"ImageObject\",\"inLanguage\":\"fr-FR\",\"@id\":\"https:\\\/\\\/moroccopreneur.com\\\/fr\\\/#\\\/schema\\\/logo\\\/image\\\/\",\"url\":\"https:\\\/\\\/moroccopreneur.com\\\/wp-content\\\/uploads\\\/2026\\\/08\\\/Moroccopreneur-Logo-Solo.jpg\",\"contentUrl\":\"https:\\\/\\\/moroccopreneur.com\\\/wp-content\\\/uploads\\\/2026\\\/08\\\/Moroccopreneur-Logo-Solo.jpg\",\"width\":1000,\"height\":1000,\"caption\":\"Moroccopreneur\"},\"image\":{\"@id\":\"https:\\\/\\\/moroccopreneur.com\\\/fr\\\/#\\\/schema\\\/logo\\\/image\\\/\"},\"sameAs\":[\"https:\\\/\\\/www.facebook.com\\\/Moroccopreneur\\\/\",\"https:\\\/\\\/x.com\\\/Moroccopreneur\",\"https:\\\/\\\/bsky.app\\\/profile\\\/moroccopreneur.bsky.social\",\"https:\\\/\\\/www.threads.com\\\/@moroccopreneur\"]},{\"@type\":\"Person\",\"@id\":\"https:\\\/\\\/moroccopreneur.com\\\/fr\\\/#\\\/schema\\\/person\\\/da6e54c27fb2eba40f0638f2170acad6\",\"name\":\"Moroccopreneur\",\"image\":{\"@type\":\"ImageObject\",\"inLanguage\":\"fr-FR\",\"@id\":\"https:\\\/\\\/moroccopreneur.com\\\/wp-content\\\/litespeed\\\/avatar\\\/b64126343c986aa475fd3d3bc9843598.jpg?ver=1787951648\",\"url\":\"https:\\\/\\\/moroccopreneur.com\\\/wp-content\\\/litespeed\\\/avatar\\\/b64126343c986aa475fd3d3bc9843598.jpg?ver=1787951648\",\"contentUrl\":\"https:\\\/\\\/moroccopreneur.com\\\/wp-content\\\/litespeed\\\/avatar\\\/b64126343c986aa475fd3d3bc9843598.jpg?ver=1787951648\",\"caption\":\"Moroccopreneur\"},\"sameAs\":[\"https:\\\/\\\/www.facebook.com\\\/moroccopreneur\",\"https:\\\/\\\/www.instagram.com\\\/moroccopreneur\",\"https:\\\/\\\/www.linkedin.com\\\/company\\\/moroccopreneur\",\"https:\\\/\\\/x.com\\\/https:\\\/\\\/twitter.com\\\/Moroccopreneur\",\"https:\\\/\\\/www.youtube.com\\\/channel\\\/UCGN5iJrn88TZexk-_OWZZhw\"],\"url\":\"https:\\\/\\\/moroccopreneur.com\\\/fr\\\/author\\\/moroccopreneur\\\/\"}]}<\/script>\n<!-- \/ Yoast SEO Premium plugin. -->","yoast_head_json":{"title":"Iqlaa 2026 : le nouvel acc\u00e9l\u00e9rateur des entreprises culturelles marocaines","description":"Iqlaa 2026 : nouvel acc\u00e9l\u00e9rateur soutenu par l'UE pour les entreprises culturelles et cr\u00e9atives marocaines \u2014 jusqu'\u00e0 450 000 DH. \u00c9ligibilit\u00e9, phases, date limite (27 sept.).","robots":{"index":"index","follow":"follow","max-snippet":"max-snippet:-1","max-image-preview":"max-image-preview:large","max-video-preview":"max-video-preview:-1"},"canonical":"https:\/\/moroccopreneur.com\/fr\/iqlaa-2026\/","og_locale":"fr_FR","og_type":"article","og_title":"Iqlaa 2026 : le nouvel acc\u00e9l\u00e9rateur des entreprises culturelles marocaines","og_description":"Iqlaa 2026 : nouvel acc\u00e9l\u00e9rateur soutenu par l'UE pour les entreprises culturelles et cr\u00e9atives marocaines \u2014 jusqu'\u00e0 450 000 DH. \u00c9ligibilit\u00e9, phases, date limite (27 sept.).","og_url":"https:\/\/moroccopreneur.com\/fr\/iqlaa-2026\/","og_site_name":"Moroccopreneur","article_publisher":"https:\/\/www.facebook.com\/Moroccopreneur\/","article_author":"https:\/\/www.facebook.com\/moroccopreneur","article_published_time":"2026-09-02T11:01:08+00:00","article_modified_time":"2026-09-02T11:02:41+00:00","og_image":[{"width":2560,"height":1440,"url":"https:\/\/moroccopreneur.com\/wp-content\/uploads\/2026\/09\/iqlaa-2026-scaled.png","type":"image\/png"}],"author":"Moroccopreneur","twitter_card":"summary_large_image","twitter_creator":"@https:\/\/twitter.com\/Moroccopreneur","twitter_site":"@Moroccopreneur","twitter_misc":{"\u00c9crit par":"Moroccopreneur","Dur\u00e9e de lecture estim\u00e9e":"7 minutes"},"schema":{"@context":"https:\/\/schema.org","@graph":[{"@type":"Article","@id":"https:\/\/moroccopreneur.com\/fr\/iqlaa-2026\/#article","isPartOf":{"@id":"https:\/\/moroccopreneur.com\/fr\/iqlaa-2026\/"},"author":{"name":"Moroccopreneur","@id":"https:\/\/moroccopreneur.com\/fr\/#\/schema\/person\/da6e54c27fb2eba40f0638f2170acad6"},"headline":"Iqlaa 2026 : le nouvel acc\u00e9l\u00e9rateur des entreprises culturelles marocaines","datePublished":"2026-09-02T11:01:08+00:00","dateModified":"2026-09-02T11:02:41+00:00","mainEntityOfPage":{"@id":"https:\/\/moroccopreneur.com\/fr\/iqlaa-2026\/"},"wordCount":1571,"publisher":{"@id":"https:\/\/moroccopreneur.com\/fr\/#organization"},"image":{"@id":"https:\/\/moroccopreneur.com\/fr\/iqlaa-2026\/#primaryimage"},"thumbnailUrl":"https:\/\/moroccopreneur.com\/wp-content\/uploads\/2026\/09\/iqlaa-2026-scaled.png","articleSection":["Opportunit\u00e9s"],"inLanguage":"fr-FR","copyrightYear":"2026","copyrightHolder":{"@id":"https:\/\/moroccopreneur.com\/#organization"}},{"@type":"WebPage","@id":"https:\/\/moroccopreneur.com\/fr\/iqlaa-2026\/","url":"https:\/\/moroccopreneur.com\/fr\/iqlaa-2026\/","name":"Iqlaa 2026 : le nouvel acc\u00e9l\u00e9rateur des entreprises culturelles marocaines","isPartOf":{"@id":"https:\/\/moroccopreneur.com\/fr\/#website"},"primaryImageOfPage":{"@id":"https:\/\/moroccopreneur.com\/fr\/iqlaa-2026\/#primaryimage"},"image":{"@id":"https:\/\/moroccopreneur.com\/fr\/iqlaa-2026\/#primaryimage"},"thumbnailUrl":"https:\/\/moroccopreneur.com\/wp-content\/uploads\/2026\/09\/iqlaa-2026-scaled.png","datePublished":"2026-09-02T11:01:08+00:00","dateModified":"2026-09-02T11:02:41+00:00","description":"Iqlaa 2026 : nouvel acc\u00e9l\u00e9rateur soutenu par l'UE pour les entreprises culturelles et cr\u00e9atives marocaines \u2014 jusqu'\u00e0 450 000 DH. \u00c9ligibilit\u00e9, phases, date limite (27 sept.).","breadcrumb":{"@id":"https:\/\/moroccopreneur.com\/fr\/iqlaa-2026\/#breadcrumb"},"inLanguage":"fr-FR","potentialAction":[{"@type":"ReadAction","target":["https:\/\/moroccopreneur.com\/fr\/iqlaa-2026\/"]}]},{"@type":"ImageObject","inLanguage":"fr-FR","@id":"https:\/\/moroccopreneur.com\/fr\/iqlaa-2026\/#primaryimage","url":"https:\/\/moroccopreneur.com\/wp-content\/uploads\/2026\/09\/iqlaa-2026-scaled.png","contentUrl":"https:\/\/moroccopreneur.com\/wp-content\/uploads\/2026\/09\/iqlaa-2026-scaled.png","width":2560,"height":1440,"caption":"iqlaa 2026"},{"@type":"BreadcrumbList","@id":"https:\/\/moroccopreneur.com\/fr\/iqlaa-2026\/#breadcrumb","itemListElement":[{"@type":"ListItem","position":1,"name":"Moroccopreneur","item":"https:\/\/moroccopreneur.com\/fr\/"},{"@type":"ListItem","position":2,"name":"Opportunit\u00e9s","item":"https:\/\/moroccopreneur.com\/fr\/opportunites\/"},{"@type":"ListItem","position":3,"name":"Iqlaa 2026 : le nouvel acc\u00e9l\u00e9rateur des entreprises culturelles marocaines"}]},{"@type":"WebSite","@id":"https:\/\/moroccopreneur.com\/fr\/#website","url":"https:\/\/moroccopreneur.com\/fr\/","name":"Moroccopreneur","description":"Un Maroc qui inspire, des Marocains qui aspirent","publisher":{"@id":"https:\/\/moroccopreneur.com\/fr\/#organization"},"potentialAction":[{"@type":"SearchAction","target":{"@type":"EntryPoint","urlTemplate":"https:\/\/moroccopreneur.com\/fr\/?s={search_term_string}"},"query-input":{"@type":"PropertyValueSpecification","valueRequired":true,"valueName":"search_term_string"}}],"inLanguage":"fr-FR"},{"@type":"Organization","@id":"https:\/\/moroccopreneur.com\/fr\/#organization","name":"Moroccopreneur","url":"https:\/\/moroccopreneur.com\/fr\/","logo":{"@type":"ImageObject","inLanguage":"fr-FR","@id":"https:\/\/moroccopreneur.com\/fr\/#\/schema\/logo\/image\/","url":"https:\/\/moroccopreneur.com\/wp-content\/uploads\/2026\/08\/Moroccopreneur-Logo-Solo.jpg","contentUrl":"https:\/\/moroccopreneur.com\/wp-content\/uploads\/2026\/08\/Moroccopreneur-Logo-Solo.jpg","width":1000,"height":1000,"caption":"Moroccopreneur"},"image":{"@id":"https:\/\/moroccopreneur.com\/fr\/#\/schema\/logo\/image\/"},"sameAs":["https:\/\/www.facebook.com\/Moroccopreneur\/","https:\/\/x.com\/Moroccopreneur","https:\/\/bsky.app\/profile\/moroccopreneur.bsky.social","https:\/\/www.threads.com\/@moroccopreneur"]},{"@type":"Person","@id":"https:\/\/moroccopreneur.com\/fr\/#\/schema\/person\/da6e54c27fb2eba40f0638f2170acad6","name":"Moroccopreneur","image":{"@type":"ImageObject","inLanguage":"fr-FR","@id":"https:\/\/moroccopreneur.com\/wp-content\/litespeed\/avatar\/b64126343c986aa475fd3d3bc9843598.jpg?ver=1787951648","url":"https:\/\/moroccopreneur.com\/wp-content\/litespeed\/avatar\/b64126343c986aa475fd3d3bc9843598.jpg?ver=1787951648","contentUrl":"https:\/\/moroccopreneur.com\/wp-content\/litespeed\/avatar\/b64126343c986aa475fd3d3bc9843598.jpg?ver=1787951648","caption":"Moroccopreneur"},"sameAs":["https:\/\/www.facebook.com\/moroccopreneur","https:\/\/www.instagram.com\/moroccopreneur","https:\/\/www.linkedin.com\/company\/moroccopreneur","https:\/\/x.com\/https:\/\/twitter.com\/Moroccopreneur","https:\/\/www.youtube.com\/channel\/UCGN5iJrn88TZexk-_OWZZhw"],"url":"https:\/\/moroccopreneur.com\/fr\/author\/moroccopreneur\/"}]}},"_links":{"self":[{"href":"https:\/\/moroccopreneur.com\/fr\/wp-json\/wp\/v2\/posts\/14847","targetHints":{"allow":["GET"]}}],"collection":[{"href":"https:\/\/moroccopreneur.com\/fr\/wp-json\/wp\/v2\/posts"}],"about":[{"href":"https:\/\/moroccopreneur.com\/fr\/wp-json\/wp\/v2\/types\/post"}],"author":[{"embeddable":true,"href":"https:\/\/moroccopreneur.com\/fr\/wp-json\/wp\/v2\/users\/4"}],"replies":[{"embeddable":true,"href":"https:\/\/moroccopreneur.com\/fr\/wp-json\/wp\/v2\/comments?post=14847"}],"version-history":[{"count":1,"href":"https:\/\/moroccopreneur.com\/fr\/wp-json\/wp\/v2\/posts\/14847\/revisions"}],"predecessor-version":[{"id":14848,"href":"https:\/\/moroccopreneur.com\/fr\/wp-json\/wp\/v2\/posts\/14847\/revisions\/14848"}],"wp:featuredmedia":[{"embeddable":true,"href":"https:\/\/moroccopreneur.com\/fr\/wp-json\/wp\/v2\/media\/14851"}],"wp:attachment":[{"href":"https:\/\/moroccopreneur.com\/fr\/wp-json\/wp\/v2\/media?parent=14847"}],"wp:term":[{"taxonomy":"category","embeddable":true,"href":"https:\/\/moroccopreneur.com\/fr\/wp-json\/wp\/v2\/categories?post=14847"},{"taxonomy":"post_tag","embeddable":true,"href":"https:\/\/moroccopreneur.com\/fr\/wp-json\/wp\/v2\/tags?post=14847"},{"taxonomy":"region","embeddable":true,"href":"https:\/\/moroccopreneur.com\/fr\/wp-json\/wp\/v2\/region?post=14847"}],"curies":[{"name":"wp","href":"https:\/\/api.w.org\/{rel}","templated":true}]}}